{"id":1069,"date":"2026-03-23T15:37:32","date_gmt":"2026-03-23T14:37:32","guid":{"rendered":"https:\/\/www.regzota.com\/?p=1069"},"modified":"2026-03-23T15:37:54","modified_gmt":"2026-03-23T14:37:54","slug":"visita-del-conseller-dagricultura-a-la-comunitat-de-regants-de-la-zona-oriental-de-la-terra-alta","status":"publish","type":"post","link":"https:\/\/www.regzota.com\/es\/noticies\/visita-del-conseller-dagricultura-a-la-comunitat-de-regants-de-la-zona-oriental-de-la-terra-alta\/","title":{"rendered":"Visita del Conseller d\u2019Agricultura a la Comunitat de Regants de la Zona Oriental de la Terra Alta"},"content":{"rendered":"<p>El passat divendres 13 de mar\u00e7, el conseller d\u2019Agricultura de la Generalitat de Catalunya, el Sr. \u00d2scar Ordeix, va visitar les instal\u00b7lacions de la Comunitat de Regants de la Zona Oriental de la Terra Alta.<\/p>\n\n\n\n<p>Durant la seva estada, es van inaugurar les obres corresponents a l\u2019Ordre de Regadiu emesa pel Departament d\u2019Agricultura, executades durant el per\u00edode 2022-2024. Aix\u00ed mateix, tamb\u00e9 es van visitar les actuacions de la nova ordre de regadiu actualment en execuci\u00f3, corresponents al per\u00edode 2025-2027.<\/p>\n\n\n\n<p>Ambdues actuacions tenen com a objectiu millorar l\u2019efici\u00e8ncia energ\u00e8tica del sistema, reduint alhora el consum d\u2019aigua i d\u2019energia, i avan\u00e7ant cap a un model de regadiu m\u00e9s sostenible i eficient.<\/p>\n\n\n\n<p>Posteriorment, les autoritats es van despla\u00e7ar a la seu de la Comunitat de Regants, on es va mantenir una reuni\u00f3 de treball en la qual es va donar llum verda a futures inversions estrat\u00e8giques. Entre aquestes, destaca la construcci\u00f3 d\u2019un parc solar fotovoltaic de 5 MW destinat a subministrar energia a l\u2019estaci\u00f3 de bombament EB-1, situada al terme municipal de la Pobla de Massaluca.<\/p>\n\n\n\n<p>A m\u00e9s, es va acordar l\u2019inici, durant aquest any 2026, de les obres corresponents a la fase de la Bassa IV, aix\u00ed com la redacci\u00f3 del projecte de la seva xarxa de reg associada. Amb aquesta nova ampliaci\u00f3, la Comunitat de Regants de la Terra Alta preveu superar les 10.000 hect\u00e0rees de superf\u00edcie de regadiu.<\/p>","protected":false},"excerpt":{"rendered":"<p>El passat divendres 13 de mar\u00e7, el conseller d\u2019Agricultura de la Generalitat de Catalunya, el Sr. \u00d2scar Ordeix, va visitar les instal\u00b7lacions de la Comunitat de Regants de la Zona Oriental de la Terra Alta. Durant la seva estada, es van inaugurar les obres corresponents a l\u2019Ordre de Regadiu emesa pel Departament d\u2019Agricultura, executades durant [&hellip;]<\/p>","protected":false},"author":4,"featured_media":1070,"comment_status":"closed","ping_status":"open","sticky":false,"template":"","format":"standard","meta":{"_et_pb_use_builder":"off","_et_pb_old_content":"","_et_gb_content_width":"","footnotes":""},"categories":[6],"tags":[],"class_list":["post-1069","post","type-post","status-publish","format-standard","has-post-thumbnail","hentry","category-noticies"],"yoast_head":"<!-- This site is optimized with the Yoast SEO plugin v24.9 - https:\/\/yoast.com\/wordpress\/plugins\/seo\/ -->\n<title>Visita del Conseller d\u2019Agricultura a la Comunitat de Regants de la Zona Oriental de la Terra Alta - Comunitat de Regants de la Zona Oriental de la Terra Alta<\/title>\n<meta name=\"robots\" content=\"index, follow, max-snippet:-1, max-image-preview:large, max-video-preview:-1\" \/>\n<link rel=\"canonical\" href=\"https:\/\/www.regzota.com\/es\/noticies\/visita-del-conseller-dagricultura-a-la-comunitat-de-regants-de-la-zona-oriental-de-la-terra-alta\/\" \/>\n<meta property=\"og:locale\" content=\"es_ES\" \/>\n<meta property=\"og:type\" content=\"article\" \/>\n<meta property=\"og:title\" content=\"Visita del Conseller d\u2019Agricultura a la Comunitat de Regants de la Zona Oriental de la Terra Alta - Comunitat de Regants de la Zona Oriental de la Terra Alta\" \/>\n<meta property=\"og:description\" content=\"El passat divendres 13 de mar\u00e7, el conseller d\u2019Agricultura de la Generalitat de Catalunya, el Sr. \u00d2scar Ordeix, va visitar les instal\u00b7lacions de la Comunitat de Regants de la Zona Oriental de la Terra Alta. Durant la seva estada, es van inaugurar les obres corresponents a l\u2019Ordre de Regadiu emesa pel Departament d\u2019Agricultura, executades durant [&hellip;]\" \/>\n<meta property=\"og:url\" content=\"https:\/\/www.regzota.com\/es\/noticies\/visita-del-conseller-dagricultura-a-la-comunitat-de-regants-de-la-zona-oriental-de-la-terra-alta\/\" \/>\n<meta property=\"og:site_name\" content=\"Comunitat de Regants de la Zona Oriental de la Terra Alta\" \/>\n<meta property=\"article:published_time\" content=\"2026-03-23T14:37:32+00:00\" \/>\n<meta property=\"article:modified_time\" content=\"2026-03-23T14:37:54+00:00\" \/>\n<meta property=\"og:image\" content=\"https:\/\/www.regzota.com\/wp-content\/uploads\/2026\/03\/FOTO.jpg\" \/>\n\t<meta property=\"og:image:width\" content=\"768\" \/>\n\t<meta property=\"og:image:height\" content=\"512\" \/>\n\t<meta property=\"og:image:type\" content=\"image\/jpeg\" \/>\n<meta name=\"author\" content=\"sonia\" \/>\n<meta name=\"twitter:card\" content=\"summary_large_image\" \/>\n<meta name=\"twitter:label1\" content=\"Escrito por\" \/>\n\t<meta name=\"twitter:data1\" content=\"sonia\" \/>\n\t<meta name=\"twitter:label2\" content=\"Tiempo de lectura\" \/>\n\t<meta name=\"twitter:data2\" content=\"2 minutos\" \/>\n<script type=\"application\/ld+json\" class=\"yoast-schema-graph\">{\"@context\":\"https:\/\/schema.org\",\"@graph\":[{\"@type\":\"WebPage\",\"@id\":\"https:\/\/www.regzota.com\/noticies\/visita-del-conseller-dagricultura-a-la-comunitat-de-regants-de-la-zona-oriental-de-la-terra-alta\/\",\"url\":\"https:\/\/www.regzota.com\/noticies\/visita-del-conseller-dagricultura-a-la-comunitat-de-regants-de-la-zona-oriental-de-la-terra-alta\/\",\"name\":\"Visita del Conseller d\u2019Agricultura a la Comunitat de Regants de la Zona Oriental de la Terra Alta - Comunitat de Regants de la Zona Oriental de la Terra Alta\",\"isPartOf\":{\"@id\":\"https:\/\/www.regzota.com\/#website\"},\"primaryImageOfPage\":{\"@id\":\"https:\/\/www.regzota.com\/noticies\/visita-del-conseller-dagricultura-a-la-comunitat-de-regants-de-la-zona-oriental-de-la-terra-alta\/#primaryimage\"},\"image\":{\"@id\":\"https:\/\/www.regzota.com\/noticies\/visita-del-conseller-dagricultura-a-la-comunitat-de-regants-de-la-zona-oriental-de-la-terra-alta\/#primaryimage\"},\"thumbnailUrl\":\"https:\/\/www.regzota.com\/wp-content\/uploads\/2026\/03\/FOTO.jpg\",\"datePublished\":\"2026-03-23T14:37:32+00:00\",\"dateModified\":\"2026-03-23T14:37:54+00:00\",\"author\":{\"@id\":\"https:\/\/www.regzota.com\/#\/schema\/person\/ce0b13665ddd747e2efb74580dd500ee\"},\"breadcrumb\":{\"@id\":\"https:\/\/www.regzota.com\/noticies\/visita-del-conseller-dagricultura-a-la-comunitat-de-regants-de-la-zona-oriental-de-la-terra-alta\/#breadcrumb\"},\"inLanguage\":\"es\",\"potentialAction\":[{\"@type\":\"ReadAction\",\"target\":[\"https:\/\/www.regzota.com\/noticies\/visita-del-conseller-dagricultura-a-la-comunitat-de-regants-de-la-zona-oriental-de-la-terra-alta\/\"]}]},{\"@type\":\"ImageObject\",\"inLanguage\":\"es\",\"@id\":\"https:\/\/www.regzota.com\/noticies\/visita-del-conseller-dagricultura-a-la-comunitat-de-regants-de-la-zona-oriental-de-la-terra-alta\/#primaryimage\",\"url\":\"https:\/\/www.regzota.com\/wp-content\/uploads\/2026\/03\/FOTO.jpg\",\"contentUrl\":\"https:\/\/www.regzota.com\/wp-content\/uploads\/2026\/03\/FOTO.jpg\",\"width\":768,\"height\":512},{\"@type\":\"BreadcrumbList\",\"@id\":\"https:\/\/www.regzota.com\/noticies\/visita-del-conseller-dagricultura-a-la-comunitat-de-regants-de-la-zona-oriental-de-la-terra-alta\/#breadcrumb\",\"itemListElement\":[{\"@type\":\"ListItem\",\"position\":1,\"name\":\"Inici\",\"item\":\"https:\/\/www.regzota.com\/\"},{\"@type\":\"ListItem\",\"position\":2,\"name\":\"Visita del Conseller d\u2019Agricultura a la Comunitat de Regants de la Zona Oriental de la Terra Alta\"}]},{\"@type\":\"WebSite\",\"@id\":\"https:\/\/www.regzota.com\/#website\",\"url\":\"https:\/\/www.regzota.com\/\",\"name\":\"Comunitat de Regants de la Zona Oriental de la Terra Alta\",\"description\":\"\",\"potentialAction\":[{\"@type\":\"SearchAction\",\"target\":{\"@type\":\"EntryPoint\",\"urlTemplate\":\"https:\/\/www.regzota.com\/?s={search_term_string}\"},\"query-input\":{\"@type\":\"PropertyValueSpecification\",\"valueRequired\":true,\"valueName\":\"search_term_string\"}}],\"inLanguage\":\"es\"},{\"@type\":\"Person\",\"@id\":\"https:\/\/www.regzota.com\/#\/schema\/person\/ce0b13665ddd747e2efb74580dd500ee\",\"name\":\"sonia\",\"image\":{\"@type\":\"ImageObject\",\"inLanguage\":\"es\",\"@id\":\"https:\/\/www.regzota.com\/#\/schema\/person\/image\/\",\"url\":\"https:\/\/secure.gravatar.com\/avatar\/65a2ecef063391d3fb0f07570f0c372239c70ad47165cff89b0c90536509825e?s=96&d=mm&r=g\",\"contentUrl\":\"https:\/\/secure.gravatar.com\/avatar\/65a2ecef063391d3fb0f07570f0c372239c70ad47165cff89b0c90536509825e?s=96&d=mm&r=g\",\"caption\":\"sonia\"},\"url\":\"https:\/\/www.regzota.com\/es\/author\/sonia\/\"}]}<\/script>\n<!-- \/ Yoast SEO plugin. -->","yoast_head_json":{"title":"Visita del Conseller d\u2019Agricultura a la Comunitat de Regants de la Zona Oriental de la Terra Alta - Comunitat de Regants de la Zona Oriental de la Terra Alta","robots":{"index":"index","follow":"follow","max-snippet":"max-snippet:-1","max-image-preview":"max-image-preview:large","max-video-preview":"max-video-preview:-1"},"canonical":"https:\/\/www.regzota.com\/es\/noticies\/visita-del-conseller-dagricultura-a-la-comunitat-de-regants-de-la-zona-oriental-de-la-terra-alta\/","og_locale":"es_ES","og_type":"article","og_title":"Visita del Conseller d\u2019Agricultura a la Comunitat de Regants de la Zona Oriental de la Terra Alta - Comunitat de Regants de la Zona Oriental de la Terra Alta","og_description":"El passat divendres 13 de mar\u00e7, el conseller d\u2019Agricultura de la Generalitat de Catalunya, el Sr. \u00d2scar Ordeix, va visitar les instal\u00b7lacions de la Comunitat de Regants de la Zona Oriental de la Terra Alta. Durant la seva estada, es van inaugurar les obres corresponents a l\u2019Ordre de Regadiu emesa pel Departament d\u2019Agricultura, executades durant [&hellip;]","og_url":"https:\/\/www.regzota.com\/es\/noticies\/visita-del-conseller-dagricultura-a-la-comunitat-de-regants-de-la-zona-oriental-de-la-terra-alta\/","og_site_name":"Comunitat de Regants de la Zona Oriental de la Terra Alta","article_published_time":"2026-03-23T14:37:32+00:00","article_modified_time":"2026-03-23T14:37:54+00:00","og_image":[{"width":768,"height":512,"url":"https:\/\/www.regzota.com\/wp-content\/uploads\/2026\/03\/FOTO.jpg","type":"image\/jpeg"}],"author":"sonia","twitter_card":"summary_large_image","twitter_misc":{"Escrito por":"sonia","Tiempo de lectura":"2 minutos"},"schema":{"@context":"https:\/\/schema.org","@graph":[{"@type":"WebPage","@id":"https:\/\/www.regzota.com\/noticies\/visita-del-conseller-dagricultura-a-la-comunitat-de-regants-de-la-zona-oriental-de-la-terra-alta\/","url":"https:\/\/www.regzota.com\/noticies\/visita-del-conseller-dagricultura-a-la-comunitat-de-regants-de-la-zona-oriental-de-la-terra-alta\/","name":"Visita del Conseller d\u2019Agricultura a la Comunitat de Regants de la Zona Oriental de la Terra Alta - Comunitat de Regants de la Zona Oriental de la Terra Alta","isPartOf":{"@id":"https:\/\/www.regzota.com\/#website"},"primaryImageOfPage":{"@id":"https:\/\/www.regzota.com\/noticies\/visita-del-conseller-dagricultura-a-la-comunitat-de-regants-de-la-zona-oriental-de-la-terra-alta\/#primaryimage"},"image":{"@id":"https:\/\/www.regzota.com\/noticies\/visita-del-conseller-dagricultura-a-la-comunitat-de-regants-de-la-zona-oriental-de-la-terra-alta\/#primaryimage"},"thumbnailUrl":"https:\/\/www.regzota.com\/wp-content\/uploads\/2026\/03\/FOTO.jpg","datePublished":"2026-03-23T14:37:32+00:00","dateModified":"2026-03-23T14:37:54+00:00","author":{"@id":"https:\/\/www.regzota.com\/#\/schema\/person\/ce0b13665ddd747e2efb74580dd500ee"},"breadcrumb":{"@id":"https:\/\/www.regzota.com\/noticies\/visita-del-conseller-dagricultura-a-la-comunitat-de-regants-de-la-zona-oriental-de-la-terra-alta\/#breadcrumb"},"inLanguage":"es","potentialAction":[{"@type":"ReadAction","target":["https:\/\/www.regzota.com\/noticies\/visita-del-conseller-dagricultura-a-la-comunitat-de-regants-de-la-zona-oriental-de-la-terra-alta\/"]}]},{"@type":"ImageObject","inLanguage":"es","@id":"https:\/\/www.regzota.com\/noticies\/visita-del-conseller-dagricultura-a-la-comunitat-de-regants-de-la-zona-oriental-de-la-terra-alta\/#primaryimage","url":"https:\/\/www.regzota.com\/wp-content\/uploads\/2026\/03\/FOTO.jpg","contentUrl":"https:\/\/www.regzota.com\/wp-content\/uploads\/2026\/03\/FOTO.jpg","width":768,"height":512},{"@type":"BreadcrumbList","@id":"https:\/\/www.regzota.com\/noticies\/visita-del-conseller-dagricultura-a-la-comunitat-de-regants-de-la-zona-oriental-de-la-terra-alta\/#breadcrumb","itemListElement":[{"@type":"ListItem","position":1,"name":"Inici","item":"https:\/\/www.regzota.com\/"},{"@type":"ListItem","position":2,"name":"Visita del Conseller d\u2019Agricultura a la Comunitat de Regants de la Zona Oriental de la Terra Alta"}]},{"@type":"WebSite","@id":"https:\/\/www.regzota.com\/#website","url":"https:\/\/www.regzota.com\/","name":"Comunitat de Regants de la Zona Oriental de la Terra Alta","description":"","potentialAction":[{"@type":"SearchAction","target":{"@type":"EntryPoint","urlTemplate":"https:\/\/www.regzota.com\/?s={search_term_string}"},"query-input":{"@type":"PropertyValueSpecification","valueRequired":true,"valueName":"search_term_string"}}],"inLanguage":"es"},{"@type":"Person","@id":"https:\/\/www.regzota.com\/#\/schema\/person\/ce0b13665ddd747e2efb74580dd500ee","name":"sonia","image":{"@type":"ImageObject","inLanguage":"es","@id":"https:\/\/www.regzota.com\/#\/schema\/person\/image\/","url":"https:\/\/secure.gravatar.com\/avatar\/65a2ecef063391d3fb0f07570f0c372239c70ad47165cff89b0c90536509825e?s=96&d=mm&r=g","contentUrl":"https:\/\/secure.gravatar.com\/avatar\/65a2ecef063391d3fb0f07570f0c372239c70ad47165cff89b0c90536509825e?s=96&d=mm&r=g","caption":"sonia"},"url":"https:\/\/www.regzota.com\/es\/author\/sonia\/"}]}},"_links":{"self":[{"href":"https:\/\/www.regzota.com\/es\/wp-json\/wp\/v2\/posts\/1069","targetHints":{"allow":["GET"]}}],"collection":[{"href":"https:\/\/www.regzota.com\/es\/wp-json\/wp\/v2\/posts"}],"about":[{"href":"https:\/\/www.regzota.com\/es\/wp-json\/wp\/v2\/types\/post"}],"author":[{"embeddable":true,"href":"https:\/\/www.regzota.com\/es\/wp-json\/wp\/v2\/users\/4"}],"replies":[{"embeddable":true,"href":"https:\/\/www.regzota.com\/es\/wp-json\/wp\/v2\/comments?post=1069"}],"version-history":[{"count":2,"href":"https:\/\/www.regzota.com\/es\/wp-json\/wp\/v2\/posts\/1069\/revisions"}],"predecessor-version":[{"id":1072,"href":"https:\/\/www.regzota.com\/es\/wp-json\/wp\/v2\/posts\/1069\/revisions\/1072"}],"wp:featuredmedia":[{"embeddable":true,"href":"https:\/\/www.regzota.com\/es\/wp-json\/wp\/v2\/media\/1070"}],"wp:attachment":[{"href":"https:\/\/www.regzota.com\/es\/wp-json\/wp\/v2\/media?parent=1069"}],"wp:term":[{"taxonomy":"category","embeddable":true,"href":"https:\/\/www.regzota.com\/es\/wp-json\/wp\/v2\/categories?post=1069"},{"taxonomy":"post_tag","embeddable":true,"href":"https:\/\/www.regzota.com\/es\/wp-json\/wp\/v2\/tags?post=1069"}],"curies":[{"name":"wp","href":"https:\/\/api.w.org\/{rel}","templated":true}]}}